{"id":295,"date":"2026-03-17T20:42:00","date_gmt":"2026-03-17T19:42:00","guid":{"rendered":"https:\/\/rebelsoundradio.pl\/?p=295"},"modified":"2026-03-17T20:56:30","modified_gmt":"2026-03-17T19:56:30","slug":"angels-rebellion","status":"publish","type":"post","link":"https:\/\/rebelsoundradio.pl\/?p=295","title":{"rendered":"Angels Rebellion"},"content":{"rendered":"\n<p>Sytuacja wroc\u0142awskiego zespo\u0142u zaczyna si\u0119 stopniowo stabilizowa\u0107, a nadchodz\u0105ce miesi\u0105ce zapowiadaj\u0105 si\u0119 dla niego bardzo obiecuj\u0105co. We wrze\u015bniu 2025 roku nast\u0105pi\u0142a wa\u017cna zmiana w sk\u0142adzie \u2013 za mikrofonem pojawi\u0142a si\u0119 nowa wokalistka,&nbsp;<strong>Ula Issel<\/strong>, kt\u00f3ra wnios\u0142a do zespo\u0142u \u015bwie\u017c\u0105 energi\u0119 i nowe pomys\u0142y artystyczne. Jej do\u0142\u0105czenie otworzy\u0142o kolejny rozdzia\u0142 w historii grupy i sta\u0142o si\u0119 impulsem do intensywnej pracy nad nowym materia\u0142em.<\/p>\n\n\n\n<p>Obecnie zesp\u00f3\u0142 skupia si\u0119 przede wszystkim na tworzeniu i dopracowywaniu nowych utwor\u00f3w, kt\u00f3re maj\u0105 wyznaczy\u0107 kierunek jego dalszego rozwoju. R\u00f3wnolegle trwaj\u0105 rozmowy dotycz\u0105ce poszerzenia sk\u0142adu \u2013 wszystko wskazuje na to, \u017ce w niedalekiej przysz\u0142o\u015bci do zespo\u0142u do\u0142\u0105czy tak\u017ce \u201e\u017cywy\u201d perkusista, co z pewno\u015bci\u0105 wp\u0142ynie na jeszcze bardziej dynamiczne i koncertowe brzmienie.<\/p>\n\n\n\n<p>\u201eAnio\u0142ki\u201d zg\u0142osi\u0142y si\u0119 r\u00f3wnie\u017c do udzia\u0142u w kilku festiwalach muzycznych. Czy zobaczymy ich na festiwalowych scenach \u2013 poka\u017ce czas, jednak sam fakt zg\u0142osze\u0144 pokazuje, \u017ce zesp\u00f3\u0142 jest gotowy, by ponownie aktywnie zaznaczy\u0107 swoj\u0105 obecno\u015b\u0107 na muzycznej mapie Polski.<\/p>\n\n\n\n<p>Je\u015bli wszystko p\u00f3jdzie zgodnie z planem, jesie\u0144 2026 roku mo\u017ce okaza\u0107 si\u0119 momentem powrotu zespo\u0142u na scen\u0119 koncertow\u0105. Mamy nadziej\u0119, \u017ce w\u0142a\u015bnie wtedy grupa b\u0119dzie mog\u0142a zaprezentowa\u0107 sw\u00f3j nowy materia\u0142 podczas wyst\u0119p\u00f3w na terenie ca\u0142ego kraju i ponownie spotka\u0107 si\u0119 z publiczno\u015bci\u0105 na \u017cywo.<\/p>\n","protected":false},"excerpt":{"rendered":"<p>Sytuacja wroc\u0142awskiego zespo\u0142u zaczyna si\u0119 stopniowo stabilizowa\u0107, a nadchodz\u0105ce miesi\u0105ce zapowiadaj\u0105 si\u0119 dla niego bardzo obiecuj\u0105co. We wrze\u015bniu 2025 roku nast\u0105pi\u0142a wa\u017cna zmiana w sk\u0142adzie \u2013 za mikrofonem pojawi\u0142a si\u0119 nowa wokalistka,&nbsp;Ula Issel, kt\u00f3ra wnios\u0142a do zespo\u0142u \u015bwie\u017c\u0105 energi\u0119 i nowe pomys\u0142y artystyczne. Jej do\u0142\u0105czenie otworzy\u0142o kolejny rozdzia\u0142 w historii grupy i sta\u0142o si\u0119 impulsem [&hellip;]<\/p>\n","protected":false},"author":1,"featured_media":285,"comment_status":"open","ping_status":"open","sticky":false,"template":"","format":"standard","meta":{"footnotes":""},"categories":[1],"tags":[],"class_list":["post-295","post","type-post","status-publish","format-standard","has-post-thumbnail","hentry","category-bez-kategorii"],"_links":{"self":[{"href":"https:\/\/rebelsoundradio.pl\/index.php?rest_route=\/wp\/v2\/posts\/295","targetHints":{"allow":["GET"]}}],"collection":[{"href":"https:\/\/rebelsoundradio.pl\/index.php?rest_route=\/wp\/v2\/posts"}],"about":[{"href":"https:\/\/rebelsoundradio.pl\/index.php?rest_route=\/wp\/v2\/types\/post"}],"author":[{"embeddable":true,"href":"https:\/\/rebelsoundradio.pl\/index.php?rest_route=\/wp\/v2\/users\/1"}],"replies":[{"embeddable":true,"href":"https:\/\/rebelsoundradio.pl\/index.php?rest_route=%2Fwp%2Fv2%2Fcomments&post=295"}],"version-history":[{"count":1,"href":"https:\/\/rebelsoundradio.pl\/index.php?rest_route=\/wp\/v2\/posts\/295\/revisions"}],"predecessor-version":[{"id":296,"href":"https:\/\/rebelsoundradio.pl\/index.php?rest_route=\/wp\/v2\/posts\/295\/revisions\/296"}],"wp:featuredmedia":[{"embeddable":true,"href":"https:\/\/rebelsoundradio.pl\/index.php?rest_route=\/wp\/v2\/media\/285"}],"wp:attachment":[{"href":"https:\/\/rebelsoundradio.pl\/index.php?rest_route=%2Fwp%2Fv2%2Fmedia&parent=295"}],"wp:term":[{"taxonomy":"category","embeddable":true,"href":"https:\/\/rebelsoundradio.pl\/index.php?rest_route=%2Fwp%2Fv2%2Fcategories&post=295"},{"taxonomy":"post_tag","embeddable":true,"href":"https:\/\/rebelsoundradio.pl\/index.php?rest_route=%2Fwp%2Fv2%2Ftags&post=295"}],"curies":[{"name":"wp","href":"https:\/\/api.w.org\/{rel}","templated":true}]}}