{"id":300,"date":"2026-03-17T20:44:14","date_gmt":"2026-03-17T19:44:14","guid":{"rendered":"https:\/\/rebelsoundradio.pl\/?p=300"},"modified":"2026-03-17T20:55:30","modified_gmt":"2026-03-17T19:55:30","slug":"frontside-rusza-w-trase-z-nowa-plyta","status":"publish","type":"post","link":"https:\/\/rebelsoundradio.pl\/?p=300","title":{"rendered":"Frontside rusza w tras\u0119 z now\u0105 p\u0142yt\u0105!"},"content":{"rendered":"\n<p>Legenda polskiego metalcore\u2019a wraca z nowym materia\u0142em i og\u0142asza wiosenn\u0105 tras\u0119 koncertow\u0105. Zesp\u00f3\u0142&nbsp;<strong>Frontside<\/strong>zapowiedzia\u0142 premier\u0119 swojego najnowszego albumu&nbsp;<strong>\u201eNemesis\u201d<\/strong>, kt\u00f3ry uka\u017ce si\u0119 20 marca nak\u0142adem Mystic Production. To pierwsza p\u0142yta grupy od blisko o\u015bmiu lat i zapowied\u017a nowego rozdzia\u0142u w historii zespo\u0142u.&nbsp;()<\/p>\n\n\n\n<p>Z okazji premiery albumu muzycy wyrusz\u0105 w&nbsp;<strong>o\u015bmiodniow\u0105 tras\u0119 koncertow\u0105 po Polsce<\/strong>, podczas kt\u00f3rej zaprezentuj\u0105 nowy materia\u0142 na \u017cywo. Na scenie towarzyszy\u0107 im b\u0119dzie zesp\u00f3\u0142&nbsp;<strong>Hamulec<\/strong>, kt\u00f3ry wniesie do koncert\u00f3w \u015bwie\u017c\u0105 energi\u0119 m\u0142odej metalowej sceny.&nbsp;()<\/p>\n\n\n\n<p>\u00a0<strong>Terminy koncert\u00f3w:<\/strong><br>\u2022 26.03 \u2013 Wroc\u0142aw \/ CK Agora<br>\u2022 27.03 \u2013 Zabrze \/ CK Wiatrak<br>\u2022 28.03 \u2013 Krak\u00f3w \/ Hype Park<br>\u2022 29.03 \u2013 \u0141\u00f3d\u017a \/ Warkot<br>\u2022 09.04 \u2013 Pozna\u0144 \/ 2Progi<br>\u2022 10.04 \u2013 Gda\u0144sk \/ Drizzly Grizzly<br>\u2022 11.04 \u2013 Warszawa \/ Proxima<br>\u2022 12.04 \u2013 Lublin \/ Zgrzyt\u00a0()<\/p>\n\n\n\n<p>Bilety dost\u0119pne s\u0105 w sprzeda\u017cy internetowej, a koncerty zapowiadaj\u0105 si\u0119 jako jedno z najciekawszych metalowych wydarze\u0144 tej wiosny.<\/p>\n\n\n\n<p>Je\u015bli jeste\u015bcie fanami ci\u0119\u017ckich brzmie\u0144 \u2013\u00a0<strong>tej trasy nie mo\u017cna przegapi\u0107!<\/strong>\u00a0<\/p>\n","protected":false},"excerpt":{"rendered":"<p>Legenda polskiego metalcore\u2019a wraca z nowym materia\u0142em i og\u0142asza wiosenn\u0105 tras\u0119 koncertow\u0105. Zesp\u00f3\u0142&nbsp;Frontsidezapowiedzia\u0142 premier\u0119 swojego najnowszego albumu&nbsp;\u201eNemesis\u201d, kt\u00f3ry uka\u017ce si\u0119 20 marca nak\u0142adem Mystic Production. To pierwsza p\u0142yta grupy od blisko o\u015bmiu lat i zapowied\u017a nowego rozdzia\u0142u w historii zespo\u0142u.&nbsp;() Z okazji premiery albumu muzycy wyrusz\u0105 w&nbsp;o\u015bmiodniow\u0105 tras\u0119 koncertow\u0105 po Polsce, podczas kt\u00f3rej zaprezentuj\u0105 nowy [&hellip;]<\/p>\n","protected":false},"author":1,"featured_media":286,"comment_status":"open","ping_status":"open","sticky":false,"template":"","format":"standard","meta":{"footnotes":""},"categories":[1],"tags":[],"class_list":["post-300","post","type-post","status-publish","format-standard","has-post-thumbnail","hentry","category-bez-kategorii"],"_links":{"self":[{"href":"https:\/\/rebelsoundradio.pl\/index.php?rest_route=\/wp\/v2\/posts\/300","targetHints":{"allow":["GET"]}}],"collection":[{"href":"https:\/\/rebelsoundradio.pl\/index.php?rest_route=\/wp\/v2\/posts"}],"about":[{"href":"https:\/\/rebelsoundradio.pl\/index.php?rest_route=\/wp\/v2\/types\/post"}],"author":[{"embeddable":true,"href":"https:\/\/rebelsoundradio.pl\/index.php?rest_route=\/wp\/v2\/users\/1"}],"replies":[{"embeddable":true,"href":"https:\/\/rebelsoundradio.pl\/index.php?rest_route=%2Fwp%2Fv2%2Fcomments&post=300"}],"version-history":[{"count":1,"href":"https:\/\/rebelsoundradio.pl\/index.php?rest_route=\/wp\/v2\/posts\/300\/revisions"}],"predecessor-version":[{"id":301,"href":"https:\/\/rebelsoundradio.pl\/index.php?rest_route=\/wp\/v2\/posts\/300\/revisions\/301"}],"wp:featuredmedia":[{"embeddable":true,"href":"https:\/\/rebelsoundradio.pl\/index.php?rest_route=\/wp\/v2\/media\/286"}],"wp:attachment":[{"href":"https:\/\/rebelsoundradio.pl\/index.php?rest_route=%2Fwp%2Fv2%2Fmedia&parent=300"}],"wp:term":[{"taxonomy":"category","embeddable":true,"href":"https:\/\/rebelsoundradio.pl\/index.php?rest_route=%2Fwp%2Fv2%2Fcategories&post=300"},{"taxonomy":"post_tag","embeddable":true,"href":"https:\/\/rebelsoundradio.pl\/index.php?rest_route=%2Fwp%2Fv2%2Ftags&post=300"}],"curies":[{"name":"wp","href":"https:\/\/api.w.org\/{rel}","templated":true}]}}